{"id":103,"date":"2021-05-18T17:39:58","date_gmt":"2021-05-18T15:39:58","guid":{"rendered":"https:\/\/38ppp.de\/usamoritz\/?p=103"},"modified":"2021-07-28T19:37:09","modified_gmt":"2021-07-28T17:37:09","slug":"1-auf-einmal-alles-anders","status":"publish","type":"post","link":"https:\/\/38ppp.de\/moritz\/2021\/05\/18\/1-auf-einmal-alles-anders\/","title":{"rendered":"#1 &#8211; Auf einmal alles anders"},"content":{"rendered":"\n<figure class=\"wp-block-image size-large\"><img loading=\"lazy\" decoding=\"async\" width=\"756\" height=\"464\" src=\"https:\/\/38ppp.de\/usamoritz\/wp-content\/uploads\/sites\/18\/2021\/05\/1_Zusage-Bundestag.jpg\" alt=\"\" class=\"wp-image-109\" srcset=\"https:\/\/38ppp.de\/moritz\/wp-content\/uploads\/sites\/18\/2021\/05\/1_Zusage-Bundestag.jpg 756w, https:\/\/38ppp.de\/moritz\/wp-content\/uploads\/sites\/18\/2021\/05\/1_Zusage-Bundestag-300x184.jpg 300w\" sizes=\"auto, (max-width: 706px) 89vw, (max-width: 767px) 82vw, 740px\" \/><\/figure>\n\n\n\n<p>Kennt ihr diese Momente, an die man sich noch Jahre sp\u00e4ter zur\u00fcckerinnert? Egal wie lange sie schon vor\u00fcber sind &#8211; jede Sekunde, jedes Wort, jede Handlung ist als Film im Kopf abgespeichert. Momente, die man gedanklich immer wieder durchlebt. Momente, an die man sich einfach gerne erinnert. Momente, die das Leben nachhaltig ver\u00e4ndern.<\/p>\n\n\n\n<!--more-->\n\n\n\n<p>Donnerstag, der 18. M\u00e4rz 2021, 10:55 Uhr war so ein Moment f\u00fcr mich. DER Moment. Ich komme gerade von der Toilette in ein aufgrund von Homeoffice weitgehend verwaistes B\u00fcro zur\u00fcck, als mich meine einzige verbleibende Arbeitskollegin auf einen verpassten Anruf hinweist. DEN verpassten Anruf.<\/p>\n\n\n\n<p class=\"has-medium-font-size\"><strong>\u201eIch rufe Sie an, weil es jetzt schnell gehen muss.\u201c<\/strong><\/p>\n\n\n\n<p>Ich bin \u00fcber die mir unbekannte Nummer im Handydisplay verwundert, rufe aber trotzdem gleich zur\u00fcck. Und von da an war es um mich geschehen. Ich kann meinen Ohren nicht mehr trauen, h\u00f6re nur noch irgendetwas mit \u201ePatricia von Cultural Vistas\u201c und \u201ePPP\u201c. \u201eIch rufe Sie an, weil es jetzt schnell gehen muss.\u201c Immer noch v\u00f6llig verwirrt, ist mir nicht bewusst, was hier eigentlich los ist. \u201eAufgrund der Absage der bisherigen Teilnehmerin ist ein Platz im Programm frei geworden. Stehen Sie noch zur Verf\u00fcgung?\u201c Verdammt nochmal, was geht hier ab!? \u201eJA!!\u201c muss ich vor Freude wohl irgendwie ins Telefon gebr\u00fcllt haben. ICH BIN BEIM PPP DABEI! V\u00f6llig aus der Fassung gebracht, wusste ich gar nicht, welche Worte ich w\u00e4hlen sollte und habe einfach allen sonstigen Sachen zugesagt.<\/p>\n\n\n\n<p class=\"has-medium-font-size\"><strong>ICH BIN BEIM PPP DABEI!<\/strong><\/p>\n\n\n\n<p>Nach dem Anruf musste ich mich erstmal sammeln, ich wusste gar nicht mehr wohin mit mir. Ist das gerade wirklich passiert? Ich hab es gleich als erstes meiner erfreuten Kollegin erz\u00e4hlt und obwohl dann auch bereits wenige Minuten sp\u00e4ter die Best\u00e4tigungsemail kam, verarbeitet hatte ich das Ganze noch nicht. Wie auch? Ein unbeschreibliches Gef\u00fchl jedenfalls, zumal ich erst einen Monat vorher die Absage f\u00fcr das Stipendium erhalten hatte.<\/p>\n\n\n\n<p>R\u00fcckblickend kann ich euch nur eins sagen Leute: Ich war zwar schon oft arbeitsunf\u00e4hig, aber es war noch nie so schlimm wie an diesem Tag! Ich konnte einfach nicht mehr weitermachen. Wird mein produktivster Arbeitstag gewesen sein. Und es war mir so egal. Meine Arbeitskollegin hat nur gesagt, sie w\u00fcrde mich nach Hause schicken, wenn sie mein Chef w\u00e4re\u2026<\/p>\n","protected":false},"excerpt":{"rendered":"<p>Kennt ihr diese Momente, an die man sich noch Jahre sp\u00e4ter zur\u00fcckerinnert? Egal wie lange sie schon vor\u00fcber sind &#8211; jede Sekunde, jedes Wort, jede Handlung ist als Film im Kopf abgespeichert. Momente, die man gedanklich immer wieder durchlebt. Momente, an die man sich einfach gerne erinnert. Momente, die das Leben nachhaltig ver\u00e4ndern.<\/p>\n","protected":false},"author":18,"featured_media":0,"comment_status":"open","ping_status":"open","sticky":false,"template":"","format":"standard","meta":{"_themeisle_gutenberg_block_has_review":false,"footnotes":"","_links_to":"","_links_to_target":""},"categories":[14,15],"tags":[],"class_list":["post-103","post","type-post","status-publish","format-standard","hentry","category-sonstiges","category-vorher"],"yoast_head":"<!-- This site is optimized with the Yoast SEO plugin v26.8 - https:\/\/yoast.com\/product\/yoast-seo-wordpress\/ -->\n<title>#1 - Auf einmal alles anders - Moritz in den USA<\/title>\n<meta name=\"robots\" content=\"index, follow, max-snippet:-1, max-image-preview:large, max-video-preview:-1\" \/>\n<link rel=\"canonical\" href=\"https:\/\/38ppp.de\/moritz\/2021\/05\/18\/1-auf-einmal-alles-anders\/\" \/>\n<meta property=\"og:locale\" content=\"de_DE\" \/>\n<meta property=\"og:type\" content=\"article\" \/>\n<meta property=\"og:title\" content=\"#1 - Auf einmal alles anders - Moritz in den USA\" \/>\n<meta property=\"og:description\" content=\"Kennt ihr diese Momente, an die man sich noch Jahre sp\u00e4ter zur\u00fcckerinnert? Egal wie lange sie schon vor\u00fcber sind &#8211; jede Sekunde, jedes Wort, jede Handlung ist als Film im Kopf abgespeichert. Momente, die man gedanklich immer wieder durchlebt. Momente, an die man sich einfach gerne erinnert. Momente, die das Leben nachhaltig ver\u00e4ndern.\" \/>\n<meta property=\"og:url\" content=\"https:\/\/38ppp.de\/moritz\/2021\/05\/18\/1-auf-einmal-alles-anders\/\" \/>\n<meta property=\"og:site_name\" content=\"Moritz in den USA\" \/>\n<meta property=\"article:published_time\" content=\"2021-05-18T15:39:58+00:00\" \/>\n<meta property=\"article:modified_time\" content=\"2021-07-28T17:37:09+00:00\" \/>\n<meta property=\"og:image\" content=\"https:\/\/38ppp.de\/usamoritz\/wp-content\/uploads\/sites\/18\/2021\/05\/1_Zusage-Bundestag.jpg\" \/>\n<meta name=\"author\" content=\"usamoritz\" \/>\n<meta name=\"twitter:card\" content=\"summary_large_image\" \/>\n<meta name=\"twitter:label1\" content=\"Verfasst von\" \/>\n\t<meta name=\"twitter:data1\" content=\"usamoritz\" \/>\n\t<meta name=\"twitter:label2\" content=\"Gesch\u00e4tzte Lesezeit\" \/>\n\t<meta name=\"twitter:data2\" content=\"2\u00a0Minuten\" \/>\n<script type=\"application\/ld+json\" class=\"yoast-schema-graph\">{\"@context\":\"https:\/\/schema.org\",\"@graph\":[{\"@type\":\"Article\",\"@id\":\"https:\/\/38ppp.de\/moritz\/2021\/05\/18\/1-auf-einmal-alles-anders\/#article\",\"isPartOf\":{\"@id\":\"https:\/\/38ppp.de\/moritz\/2021\/05\/18\/1-auf-einmal-alles-anders\/\"},\"author\":{\"name\":\"usamoritz\",\"@id\":\"https:\/\/38ppp.de\/moritz\/#\/schema\/person\/2ce4dc058993ccfee94f94fe10f0460b\"},\"headline\":\"#1 &#8211; Auf einmal alles anders\",\"datePublished\":\"2021-05-18T15:39:58+00:00\",\"dateModified\":\"2021-07-28T17:37:09+00:00\",\"mainEntityOfPage\":{\"@id\":\"https:\/\/38ppp.de\/moritz\/2021\/05\/18\/1-auf-einmal-alles-anders\/\"},\"wordCount\":391,\"commentCount\":0,\"image\":{\"@id\":\"https:\/\/38ppp.de\/moritz\/2021\/05\/18\/1-auf-einmal-alles-anders\/#primaryimage\"},\"thumbnailUrl\":\"https:\/\/38ppp.de\/usamoritz\/wp-content\/uploads\/sites\/18\/2021\/05\/1_Zusage-Bundestag.jpg\",\"articleSection\":[\"Sonstiges\",\"Vorher\"],\"inLanguage\":\"de\"},{\"@type\":\"WebPage\",\"@id\":\"https:\/\/38ppp.de\/moritz\/2021\/05\/18\/1-auf-einmal-alles-anders\/\",\"url\":\"https:\/\/38ppp.de\/moritz\/2021\/05\/18\/1-auf-einmal-alles-anders\/\",\"name\":\"#1 - Auf einmal alles anders - Moritz in den USA\",\"isPartOf\":{\"@id\":\"https:\/\/38ppp.de\/moritz\/#website\"},\"primaryImageOfPage\":{\"@id\":\"https:\/\/38ppp.de\/moritz\/2021\/05\/18\/1-auf-einmal-alles-anders\/#primaryimage\"},\"image\":{\"@id\":\"https:\/\/38ppp.de\/moritz\/2021\/05\/18\/1-auf-einmal-alles-anders\/#primaryimage\"},\"thumbnailUrl\":\"https:\/\/38ppp.de\/usamoritz\/wp-content\/uploads\/sites\/18\/2021\/05\/1_Zusage-Bundestag.jpg\",\"datePublished\":\"2021-05-18T15:39:58+00:00\",\"dateModified\":\"2021-07-28T17:37:09+00:00\",\"author\":{\"@id\":\"https:\/\/38ppp.de\/moritz\/#\/schema\/person\/2ce4dc058993ccfee94f94fe10f0460b\"},\"breadcrumb\":{\"@id\":\"https:\/\/38ppp.de\/moritz\/2021\/05\/18\/1-auf-einmal-alles-anders\/#breadcrumb\"},\"inLanguage\":\"de\",\"potentialAction\":[{\"@type\":\"ReadAction\",\"target\":[\"https:\/\/38ppp.de\/moritz\/2021\/05\/18\/1-auf-einmal-alles-anders\/\"]}]},{\"@type\":\"ImageObject\",\"inLanguage\":\"de\",\"@id\":\"https:\/\/38ppp.de\/moritz\/2021\/05\/18\/1-auf-einmal-alles-anders\/#primaryimage\",\"url\":\"https:\/\/38ppp.de\/usamoritz\/wp-content\/uploads\/sites\/18\/2021\/05\/1_Zusage-Bundestag.jpg\",\"contentUrl\":\"https:\/\/38ppp.de\/usamoritz\/wp-content\/uploads\/sites\/18\/2021\/05\/1_Zusage-Bundestag.jpg\"},{\"@type\":\"BreadcrumbList\",\"@id\":\"https:\/\/38ppp.de\/moritz\/2021\/05\/18\/1-auf-einmal-alles-anders\/#breadcrumb\",\"itemListElement\":[{\"@type\":\"ListItem\",\"position\":1,\"name\":\"Startseite\",\"item\":\"https:\/\/38ppp.de\/moritz\/\"},{\"@type\":\"ListItem\",\"position\":2,\"name\":\"#1 &#8211; Auf einmal alles anders\"}]},{\"@type\":\"WebSite\",\"@id\":\"https:\/\/38ppp.de\/moritz\/#website\",\"url\":\"https:\/\/38ppp.de\/moritz\/\",\"name\":\"Moritz in den USA\",\"description\":\"Teilnehmer aus dem Wahlkreis 237 Bayreuth\",\"potentialAction\":[{\"@type\":\"SearchAction\",\"target\":{\"@type\":\"EntryPoint\",\"urlTemplate\":\"https:\/\/38ppp.de\/moritz\/?s={search_term_string}\"},\"query-input\":{\"@type\":\"PropertyValueSpecification\",\"valueRequired\":true,\"valueName\":\"search_term_string\"}}],\"inLanguage\":\"de\"},{\"@type\":\"Person\",\"@id\":\"https:\/\/38ppp.de\/moritz\/#\/schema\/person\/2ce4dc058993ccfee94f94fe10f0460b\",\"name\":\"usamoritz\",\"image\":{\"@type\":\"ImageObject\",\"inLanguage\":\"de\",\"@id\":\"https:\/\/38ppp.de\/moritz\/#\/schema\/person\/image\/\",\"url\":\"https:\/\/secure.gravatar.com\/avatar\/c229ed8cd5f2d9b379aa267bf1622465?s=96&d=mm&r=g\",\"contentUrl\":\"https:\/\/secure.gravatar.com\/avatar\/c229ed8cd5f2d9b379aa267bf1622465?s=96&d=mm&r=g\",\"caption\":\"usamoritz\"},\"url\":\"https:\/\/38ppp.de\/moritz\/author\/usamoritz\/\"}]}<\/script>\n<!-- \/ Yoast SEO plugin. -->","yoast_head_json":{"title":"#1 - Auf einmal alles anders - Moritz in den USA","robots":{"index":"index","follow":"follow","max-snippet":"max-snippet:-1","max-image-preview":"max-image-preview:large","max-video-preview":"max-video-preview:-1"},"canonical":"https:\/\/38ppp.de\/moritz\/2021\/05\/18\/1-auf-einmal-alles-anders\/","og_locale":"de_DE","og_type":"article","og_title":"#1 - Auf einmal alles anders - Moritz in den USA","og_description":"Kennt ihr diese Momente, an die man sich noch Jahre sp\u00e4ter zur\u00fcckerinnert? Egal wie lange sie schon vor\u00fcber sind &#8211; jede Sekunde, jedes Wort, jede Handlung ist als Film im Kopf abgespeichert. Momente, die man gedanklich immer wieder durchlebt. Momente, an die man sich einfach gerne erinnert. Momente, die das Leben nachhaltig ver\u00e4ndern.","og_url":"https:\/\/38ppp.de\/moritz\/2021\/05\/18\/1-auf-einmal-alles-anders\/","og_site_name":"Moritz in den USA","article_published_time":"2021-05-18T15:39:58+00:00","article_modified_time":"2021-07-28T17:37:09+00:00","og_image":[{"url":"https:\/\/38ppp.de\/usamoritz\/wp-content\/uploads\/sites\/18\/2021\/05\/1_Zusage-Bundestag.jpg","type":"","width":"","height":""}],"author":"usamoritz","twitter_card":"summary_large_image","twitter_misc":{"Verfasst von":"usamoritz","Gesch\u00e4tzte Lesezeit":"2\u00a0Minuten"},"schema":{"@context":"https:\/\/schema.org","@graph":[{"@type":"Article","@id":"https:\/\/38ppp.de\/moritz\/2021\/05\/18\/1-auf-einmal-alles-anders\/#article","isPartOf":{"@id":"https:\/\/38ppp.de\/moritz\/2021\/05\/18\/1-auf-einmal-alles-anders\/"},"author":{"name":"usamoritz","@id":"https:\/\/38ppp.de\/moritz\/#\/schema\/person\/2ce4dc058993ccfee94f94fe10f0460b"},"headline":"#1 &#8211; Auf einmal alles anders","datePublished":"2021-05-18T15:39:58+00:00","dateModified":"2021-07-28T17:37:09+00:00","mainEntityOfPage":{"@id":"https:\/\/38ppp.de\/moritz\/2021\/05\/18\/1-auf-einmal-alles-anders\/"},"wordCount":391,"commentCount":0,"image":{"@id":"https:\/\/38ppp.de\/moritz\/2021\/05\/18\/1-auf-einmal-alles-anders\/#primaryimage"},"thumbnailUrl":"https:\/\/38ppp.de\/usamoritz\/wp-content\/uploads\/sites\/18\/2021\/05\/1_Zusage-Bundestag.jpg","articleSection":["Sonstiges","Vorher"],"inLanguage":"de"},{"@type":"WebPage","@id":"https:\/\/38ppp.de\/moritz\/2021\/05\/18\/1-auf-einmal-alles-anders\/","url":"https:\/\/38ppp.de\/moritz\/2021\/05\/18\/1-auf-einmal-alles-anders\/","name":"#1 - Auf einmal alles anders - Moritz in den USA","isPartOf":{"@id":"https:\/\/38ppp.de\/moritz\/#website"},"primaryImageOfPage":{"@id":"https:\/\/38ppp.de\/moritz\/2021\/05\/18\/1-auf-einmal-alles-anders\/#primaryimage"},"image":{"@id":"https:\/\/38ppp.de\/moritz\/2021\/05\/18\/1-auf-einmal-alles-anders\/#primaryimage"},"thumbnailUrl":"https:\/\/38ppp.de\/usamoritz\/wp-content\/uploads\/sites\/18\/2021\/05\/1_Zusage-Bundestag.jpg","datePublished":"2021-05-18T15:39:58+00:00","dateModified":"2021-07-28T17:37:09+00:00","author":{"@id":"https:\/\/38ppp.de\/moritz\/#\/schema\/person\/2ce4dc058993ccfee94f94fe10f0460b"},"breadcrumb":{"@id":"https:\/\/38ppp.de\/moritz\/2021\/05\/18\/1-auf-einmal-alles-anders\/#breadcrumb"},"inLanguage":"de","potentialAction":[{"@type":"ReadAction","target":["https:\/\/38ppp.de\/moritz\/2021\/05\/18\/1-auf-einmal-alles-anders\/"]}]},{"@type":"ImageObject","inLanguage":"de","@id":"https:\/\/38ppp.de\/moritz\/2021\/05\/18\/1-auf-einmal-alles-anders\/#primaryimage","url":"https:\/\/38ppp.de\/usamoritz\/wp-content\/uploads\/sites\/18\/2021\/05\/1_Zusage-Bundestag.jpg","contentUrl":"https:\/\/38ppp.de\/usamoritz\/wp-content\/uploads\/sites\/18\/2021\/05\/1_Zusage-Bundestag.jpg"},{"@type":"BreadcrumbList","@id":"https:\/\/38ppp.de\/moritz\/2021\/05\/18\/1-auf-einmal-alles-anders\/#breadcrumb","itemListElement":[{"@type":"ListItem","position":1,"name":"Startseite","item":"https:\/\/38ppp.de\/moritz\/"},{"@type":"ListItem","position":2,"name":"#1 &#8211; Auf einmal alles anders"}]},{"@type":"WebSite","@id":"https:\/\/38ppp.de\/moritz\/#website","url":"https:\/\/38ppp.de\/moritz\/","name":"Moritz in den USA","description":"Teilnehmer aus dem Wahlkreis 237 Bayreuth","potentialAction":[{"@type":"SearchAction","target":{"@type":"EntryPoint","urlTemplate":"https:\/\/38ppp.de\/moritz\/?s={search_term_string}"},"query-input":{"@type":"PropertyValueSpecification","valueRequired":true,"valueName":"search_term_string"}}],"inLanguage":"de"},{"@type":"Person","@id":"https:\/\/38ppp.de\/moritz\/#\/schema\/person\/2ce4dc058993ccfee94f94fe10f0460b","name":"usamoritz","image":{"@type":"ImageObject","inLanguage":"de","@id":"https:\/\/38ppp.de\/moritz\/#\/schema\/person\/image\/","url":"https:\/\/secure.gravatar.com\/avatar\/c229ed8cd5f2d9b379aa267bf1622465?s=96&d=mm&r=g","contentUrl":"https:\/\/secure.gravatar.com\/avatar\/c229ed8cd5f2d9b379aa267bf1622465?s=96&d=mm&r=g","caption":"usamoritz"},"url":"https:\/\/38ppp.de\/moritz\/author\/usamoritz\/"}]}},"_links":{"self":[{"href":"https:\/\/38ppp.de\/moritz\/wp-json\/wp\/v2\/posts\/103","targetHints":{"allow":["GET"]}}],"collection":[{"href":"https:\/\/38ppp.de\/moritz\/wp-json\/wp\/v2\/posts"}],"about":[{"href":"https:\/\/38ppp.de\/moritz\/wp-json\/wp\/v2\/types\/post"}],"author":[{"embeddable":true,"href":"https:\/\/38ppp.de\/moritz\/wp-json\/wp\/v2\/users\/18"}],"replies":[{"embeddable":true,"href":"https:\/\/38ppp.de\/moritz\/wp-json\/wp\/v2\/comments?post=103"}],"version-history":[{"count":6,"href":"https:\/\/38ppp.de\/moritz\/wp-json\/wp\/v2\/posts\/103\/revisions"}],"predecessor-version":[{"id":161,"href":"https:\/\/38ppp.de\/moritz\/wp-json\/wp\/v2\/posts\/103\/revisions\/161"}],"wp:attachment":[{"href":"https:\/\/38ppp.de\/moritz\/wp-json\/wp\/v2\/media?parent=103"}],"wp:term":[{"taxonomy":"category","embeddable":true,"href":"https:\/\/38ppp.de\/moritz\/wp-json\/wp\/v2\/categories?post=103"},{"taxonomy":"post_tag","embeddable":true,"href":"https:\/\/38ppp.de\/moritz\/wp-json\/wp\/v2\/tags?post=103"}],"curies":[{"name":"wp","href":"https:\/\/api.w.org\/{rel}","templated":true}]}}